{"id":484,"date":"2018-02-17T13:26:49","date_gmt":"2018-02-17T13:26:49","guid":{"rendered":"https:\/\/guzeldere.eu\/?p=484"},"modified":"2018-04-19T06:11:46","modified_gmt":"2018-04-19T06:11:46","slug":"13-15-february-2018-refugee-camps-bognuyogun-oncupinar","status":"publish","type":"post","link":"https:\/\/guzeldere.eu\/index.php\/2018\/02\/17\/13-15-february-2018-refugee-camps-bognuyogun-oncupinar\/","title":{"rendered":"13-15 February 2018, Refugee Camps Boynuyo\u011fun, \u00d6nc\u00fcp\u0131nar"},"content":{"rendered":"<p>With Italian journalist Mariano Giustino, Turkey correspondent for Radio Radicale, we visited two refugee camps near the Syrian border. Boynuyo\u011fun in the Hatay province and \u00d6nc\u00fcp\u0131nar in the Kilis province. Both are relatively old camps, built in 2011 and 2012. Most of the Syrians there are also already since the foundation of the camps there. At Boynuyo\u011fun, 90% are from Idlib and surrounding villages, at \u00d6nc\u00fcp\u0131nar most are from either Idlib or Aleppo.<\/p>\n\n\t\t<style type=\"text\/css\">\n\t\t\t#gallery-1 {\n\t\t\t\tmargin: auto;\n\t\t\t}\n\t\t\t#gallery-1 .gallery-item {\n\t\t\t\tfloat: left;\n\t\t\t\tmargin-top: 10px;\n\t\t\t\ttext-align: center;\n\t\t\t\twidth: 100%;\n\t\t\t}\n\t\t\t#gallery-1 img {\n\t\t\t\tborder: 2px solid #cfcfcf;\n\t\t\t}\n\t\t\t#gallery-1 .gallery-caption {\n\t\t\t\tmargin-left: 0;\n\t\t\t}\n\t\t\t\/* see gallery_shortcode() in wp-includes\/media.php *\/\n\t\t<\/style>\n\t\t<div id='gallery-1' class='gallery galleryid-484 gallery-columns-1 gallery-size-full'><dl class='gallery-item'>\n\t\t\t<dt class='gallery-icon landscape'>\n\t\t\t\t<a href='https:\/\/guzeldere.eu\/index.php\/2018\/02\/17\/13-15-february-2018-refugee-camps-bognuyogun-oncupinar\/angelina-2\/#main'><img loading=\"lazy\" decoding=\"async\" width=\"1000\" height=\"750\" src=\"https:\/\/guzeldere.eu\/wp-content\/uploads\/2018\/02\/Angelina-1.jpg\" class=\"attachment-full size-full\" alt=\"\" aria-describedby=\"gallery-1-487\" srcset=\"https:\/\/guzeldere.eu\/wp-content\/uploads\/2018\/02\/Angelina-1.jpg 1000w, https:\/\/guzeldere.eu\/wp-content\/uploads\/2018\/02\/Angelina-1-300x225.jpg 300w, https:\/\/guzeldere.eu\/wp-content\/uploads\/2018\/02\/Angelina-1-768x576.jpg 768w\" sizes=\"auto, (max-width: 1000px) 100vw, 1000px\" \/><\/a>\n\t\t\t<\/dt>\n\t\t\t\t<dd class='wp-caption-text gallery-caption' id='gallery-1-487'>\n\t\t\t\tAngelina Jolie also visited the \u00d6nc\u00fcpinar camp\n\t\t\t\t<\/dd><\/dl><br style=\"clear: both\" \/><dl class='gallery-item'>\n\t\t\t<dt class='gallery-icon portrait'>\n\t\t\t\t<a href='https:\/\/guzeldere.eu\/index.php\/2018\/02\/17\/13-15-february-2018-refugee-camps-bognuyogun-oncupinar\/vatana_donus\/#main'><img loading=\"lazy\" decoding=\"async\" width=\"900\" height=\"1308\" src=\"https:\/\/guzeldere.eu\/wp-content\/uploads\/2018\/02\/vatana_donus.jpg\" class=\"attachment-full size-full\" alt=\"\" aria-describedby=\"gallery-1-492\" srcset=\"https:\/\/guzeldere.eu\/wp-content\/uploads\/2018\/02\/vatana_donus.jpg 900w, https:\/\/guzeldere.eu\/wp-content\/uploads\/2018\/02\/vatana_donus-206x300.jpg 206w, https:\/\/guzeldere.eu\/wp-content\/uploads\/2018\/02\/vatana_donus-768x1116.jpg 768w, https:\/\/guzeldere.eu\/wp-content\/uploads\/2018\/02\/vatana_donus-705x1024.jpg 705w\" sizes=\"auto, (max-width: 900px) 100vw, 900px\" \/><\/a>\n\t\t\t<\/dt>\n\t\t\t\t<dd class='wp-caption-text gallery-caption' id='gallery-1-492'>\n\t\t\t\tSyrian painter Hasan Rustow asks, when will the time come to return home?\n\t\t\t\t<\/dd><\/dl><br style=\"clear: both\" \/><dl class='gallery-item'>\n\t\t\t<dt class='gallery-icon landscape'>\n\t\t\t\t<a href='https:\/\/guzeldere.eu\/index.php\/2018\/02\/17\/13-15-february-2018-refugee-camps-bognuyogun-oncupinar\/hasan_maler\/#main'><img loading=\"lazy\" decoding=\"async\" width=\"1000\" height=\"972\" src=\"https:\/\/guzeldere.eu\/wp-content\/uploads\/2018\/02\/Hasan_Maler.jpg\" class=\"attachment-full size-full\" alt=\"\" aria-describedby=\"gallery-1-490\" srcset=\"https:\/\/guzeldere.eu\/wp-content\/uploads\/2018\/02\/Hasan_Maler.jpg 1000w, https:\/\/guzeldere.eu\/wp-content\/uploads\/2018\/02\/Hasan_Maler-300x292.jpg 300w, https:\/\/guzeldere.eu\/wp-content\/uploads\/2018\/02\/Hasan_Maler-768x746.jpg 768w\" sizes=\"auto, (max-width: 1000px) 100vw, 1000px\" \/><\/a>\n\t\t\t<\/dt>\n\t\t\t\t<dd class='wp-caption-text gallery-caption' id='gallery-1-490'>\n\t\t\t\tPainter Hasan Rustow from Idlib at \u00d6nc\u00fcpinar refugee camp\n\t\t\t\t<\/dd><\/dl><br style=\"clear: both\" \/><dl class='gallery-item'>\n\t\t\t<dt class='gallery-icon portrait'>\n\t\t\t\t<a href='https:\/\/guzeldere.eu\/index.php\/2018\/02\/17\/13-15-february-2018-refugee-camps-bognuyogun-oncupinar\/boynuyogun\/#main'><img loading=\"lazy\" decoding=\"async\" width=\"1000\" height=\"1147\" src=\"https:\/\/guzeldere.eu\/wp-content\/uploads\/2018\/02\/boynuyogun.jpg\" class=\"attachment-full size-full\" alt=\"\" aria-describedby=\"gallery-1-488\" srcset=\"https:\/\/guzeldere.eu\/wp-content\/uploads\/2018\/02\/boynuyogun.jpg 1000w, https:\/\/guzeldere.eu\/wp-content\/uploads\/2018\/02\/boynuyogun-262x300.jpg 262w, https:\/\/guzeldere.eu\/wp-content\/uploads\/2018\/02\/boynuyogun-768x881.jpg 768w, https:\/\/guzeldere.eu\/wp-content\/uploads\/2018\/02\/boynuyogun-893x1024.jpg 893w\" sizes=\"auto, (max-width: 1000px) 100vw, 1000px\" \/><\/a>\n\t\t\t<\/dt>\n\t\t\t\t<dd class='wp-caption-text gallery-caption' id='gallery-1-488'>\n\t\t\t\tvisiting Boynuyo\u011fun camp.\n\t\t\t\t<\/dd><\/dl><br style=\"clear: both\" \/><dl class='gallery-item'>\n\t\t\t<dt class='gallery-icon landscape'>\n\t\t\t\t<a href='https:\/\/guzeldere.eu\/index.php\/2018\/02\/17\/13-15-february-2018-refugee-camps-bognuyogun-oncupinar\/rte_alexander\/#main'><img loading=\"lazy\" decoding=\"async\" width=\"1754\" height=\"900\" src=\"https:\/\/guzeldere.eu\/wp-content\/uploads\/2018\/02\/rte_alexander.jpg\" class=\"attachment-full size-full\" alt=\"\" aria-describedby=\"gallery-1-491\" srcset=\"https:\/\/guzeldere.eu\/wp-content\/uploads\/2018\/02\/rte_alexander.jpg 1754w, https:\/\/guzeldere.eu\/wp-content\/uploads\/2018\/02\/rte_alexander-300x154.jpg 300w, https:\/\/guzeldere.eu\/wp-content\/uploads\/2018\/02\/rte_alexander-768x394.jpg 768w, https:\/\/guzeldere.eu\/wp-content\/uploads\/2018\/02\/rte_alexander-1024x525.jpg 1024w\" sizes=\"auto, (max-width: 1754px) 100vw, 1754px\" \/><\/a>\n\t\t\t<\/dt>\n\t\t\t\t<dd class='wp-caption-text gallery-caption' id='gallery-1-491'>\n\t\t\t\tReplica of famous &#8218;gypsi girl&#8216; mosais whose original is in the museum in Gaziantep.\n\t\t\t\t<\/dd><\/dl><br style=\"clear: both\" \/><dl class='gallery-item'>\n\t\t\t<dt class='gallery-icon landscape'>\n\t\t\t\t<a href='https:\/\/guzeldere.eu\/index.php\/2018\/02\/17\/13-15-february-2018-refugee-camps-bognuyogun-oncupinar\/boynuyogun2\/#main'><img loading=\"lazy\" decoding=\"async\" width=\"1200\" height=\"872\" src=\"https:\/\/guzeldere.eu\/wp-content\/uploads\/2018\/02\/boynuyogun2.jpg\" class=\"attachment-full size-full\" alt=\"\" aria-describedby=\"gallery-1-489\" srcset=\"https:\/\/guzeldere.eu\/wp-content\/uploads\/2018\/02\/boynuyogun2.jpg 1200w, https:\/\/guzeldere.eu\/wp-content\/uploads\/2018\/02\/boynuyogun2-300x218.jpg 300w, https:\/\/guzeldere.eu\/wp-content\/uploads\/2018\/02\/boynuyogun2-768x558.jpg 768w, https:\/\/guzeldere.eu\/wp-content\/uploads\/2018\/02\/boynuyogun2-1024x744.jpg 1024w\" sizes=\"auto, (max-width: 1200px) 100vw, 1200px\" \/><\/a>\n\t\t\t<\/dt>\n\t\t\t\t<dd class='wp-caption-text gallery-caption' id='gallery-1-489'>\n\t\t\t\tat Boynuyogun camp\n\t\t\t\t<\/dd><\/dl><br style=\"clear: both\" \/><dl class='gallery-item'>\n\t\t\t<dt class='gallery-icon landscape'>\n\t\t\t\t<a href='https:\/\/guzeldere.eu\/index.php\/2018\/02\/17\/13-15-february-2018-refugee-camps-bognuyogun-oncupinar\/kinder\/#main'><img loading=\"lazy\" decoding=\"async\" width=\"1250\" height=\"870\" src=\"https:\/\/guzeldere.eu\/wp-content\/uploads\/2018\/02\/kinder.jpg\" class=\"attachment-full size-full\" alt=\"\" aria-describedby=\"gallery-1-486\" srcset=\"https:\/\/guzeldere.eu\/wp-content\/uploads\/2018\/02\/kinder.jpg 1250w, https:\/\/guzeldere.eu\/wp-content\/uploads\/2018\/02\/kinder-300x209.jpg 300w, https:\/\/guzeldere.eu\/wp-content\/uploads\/2018\/02\/kinder-768x535.jpg 768w, https:\/\/guzeldere.eu\/wp-content\/uploads\/2018\/02\/kinder-1024x713.jpg 1024w\" sizes=\"auto, (max-width: 1250px) 100vw, 1250px\" \/><\/a>\n\t\t\t<\/dt>\n\t\t\t\t<dd class='wp-caption-text gallery-caption' id='gallery-1-486'>\n\t\t\t\tchildren in \u00d6nc\u00fcpinar preparing an activity for 23 April.\n\t\t\t\t<\/dd><\/dl><br style=\"clear: both\" \/>\n\t\t<\/div>\n\n","protected":false},"excerpt":{"rendered":"<p>With Italian journalist Mariano Giustino, Turkey correspondent for Radio Radicale, we visited two refugee camps near the Syrian border. Boynuyo\u011fun in the Hatay province and \u00d6nc\u00fcp\u0131nar in the Kilis province. Both are relatively old camps, built in 2011 and 2012. Most of the Syrians there are also already since the foundation of the camps there. At Boynuyo\u011fun, 90% are from Idlib and surrounding villages, at \u00d6nc\u00fcp\u0131nar most are from either <a class=\"more-link\" href=\"https:\/\/guzeldere.eu\/index.php\/2018\/02\/17\/13-15-february-2018-refugee-camps-bognuyogun-oncupinar\/\">Read More &#8230;<\/a><\/p>\n","protected":false},"author":1,"featured_media":0,"comment_status":"closed","ping_status":"closed","sticky":false,"template":"","format":"standard","meta":{"_bluesky_dont_syndicate":"","_bluesky_syndication_accounts":"","_bluesky_syndication_text":"","two_page_speed":[],"footnotes":""},"categories":[17],"tags":[31,28,30,29,26,27],"class_list":["post-484","post","type-post","status-publish","format-standard","hentry","category-journalism","tag-angelina-jolie","tag-boynuyogun","tag-kilis","tag-oencuepinar","tag-refugees","tag-syrians"],"wps_subtitle":"","_links":{"self":[{"href":"https:\/\/guzeldere.eu\/index.php\/wp-json\/wp\/v2\/posts\/484","targetHints":{"allow":["GET"]}}],"collection":[{"href":"https:\/\/guzeldere.eu\/index.php\/wp-json\/wp\/v2\/posts"}],"about":[{"href":"https:\/\/guzeldere.eu\/index.php\/wp-json\/wp\/v2\/types\/post"}],"author":[{"embeddable":true,"href":"https:\/\/guzeldere.eu\/index.php\/wp-json\/wp\/v2\/users\/1"}],"replies":[{"embeddable":true,"href":"https:\/\/guzeldere.eu\/index.php\/wp-json\/wp\/v2\/comments?post=484"}],"version-history":[{"count":5,"href":"https:\/\/guzeldere.eu\/index.php\/wp-json\/wp\/v2\/posts\/484\/revisions"}],"predecessor-version":[{"id":537,"href":"https:\/\/guzeldere.eu\/index.php\/wp-json\/wp\/v2\/posts\/484\/revisions\/537"}],"wp:attachment":[{"href":"https:\/\/guzeldere.eu\/index.php\/wp-json\/wp\/v2\/media?parent=484"}],"wp:term":[{"taxonomy":"category","embeddable":true,"href":"https:\/\/guzeldere.eu\/index.php\/wp-json\/wp\/v2\/categories?post=484"},{"taxonomy":"post_tag","embeddable":true,"href":"https:\/\/guzeldere.eu\/index.php\/wp-json\/wp\/v2\/tags?post=484"}],"curies":[{"name":"wp","href":"https:\/\/api.w.org\/{rel}","templated":true}]}}