{"id":1596,"date":"2024-10-19T13:49:03","date_gmt":"2024-10-19T11:49:03","guid":{"rendered":"https:\/\/guzeldere.eu\/?p=1596"},"modified":"2024-10-19T13:49:49","modified_gmt":"2024-10-19T11:49:49","slug":"menschen-mit-uns-traeumen-lassen","status":"publish","type":"post","link":"https:\/\/guzeldere.eu\/index.php\/2024\/10\/19\/menschen-mit-uns-traeumen-lassen\/","title":{"rendered":"Menschen mit uns tr\u00e4umen lassen"},"content":{"rendered":"\n<p>Interview mit J\u00f4 Oliveira, der ersten schwarzen Stadtr\u00e4tin in Campina Grande, die am 6. Oktober dieses Jahres wiedergew\u00e4hlt wurde.<\/p>\n\n\n\n<p>Das Interview wurde am 19.10.2024 auf der Seite von <a href=\"https:\/\/www.kooperation-brasilien.org\/de\/themen\/politik-wirtschaft\/menschen-mit-uns-traeumen-lassen\">Kobra<\/a> ver\u00f6ffentlicht. <\/p>\n\n\n<div class=\"wp-block-image\">\n<figure class=\"aligncenter size-full\"><a href=\"https:\/\/www.kooperation-brasilien.org\/de\/themen\/politik-wirtschaft\/menschen-mit-uns-traeumen-lassen\" target=\"_blank\" rel=\"noreferrer noopener\"><img loading=\"lazy\" decoding=\"async\" width=\"400\" height=\"221\" src=\"https:\/\/guzeldere.eu\/wp-content\/uploads\/2024\/10\/d462bc2b-733a-4630-afb7-ebf22c61987f.png\" alt=\"\" class=\"wp-image-1597\" srcset=\"https:\/\/guzeldere.eu\/wp-content\/uploads\/2024\/10\/d462bc2b-733a-4630-afb7-ebf22c61987f.png 400w, https:\/\/guzeldere.eu\/wp-content\/uploads\/2024\/10\/d462bc2b-733a-4630-afb7-ebf22c61987f-300x166.png 300w\" sizes=\"auto, (max-width: 400px) 100vw, 400px\" \/><\/a><\/figure>\n<\/div>\n\n\n<p>Josilene Maria de Oliveira, kurz J\u00f4 Oliveira, wurde 1981 in Campina Grande geboren. Ihre Mutter, Dona Basta, ist eine schwarze Frau, Hausangestellte und alleinerziehende Mutter. J\u00f4 studierte an einer \u00f6ffentlichen Schule und war die erste in ihrer Familie, die an der Staatlichen Universit\u00e4t von Para\u00edba (UEPB) studierte, wo sie einen Master-Abschluss erwarb. Ihre politische Arbeit begann fr\u00fch in der Studierendenbewegung, als sie Mitglied des Akademischen Zentrums f\u00fcr Sozialarbeit war und sich f\u00fcr die Wahl der Studierendenvertretung der UEPB aufstellte. Im Jugendbereich begann ihr Aktivismus mit der Teilnahme an den Aktivit\u00e4ten der NGO PJMP und des Jugendverbands zur Erhaltung von Kultur und B\u00fcrgersinn (AJURCC), dessen Gr\u00fcndungsmitglied sie ist.<\/p>\n\n\n\n<p><a href=\"https:\/\/www.kooperation-brasilien.org\/de\/themen\/politik-wirtschaft\/menschen-mit-uns-traeumen-lassen\">https:\/\/www.kooperation-brasilien.org\/de\/themen\/politik-wirtschaft\/menschen-mit-uns-traeumen-lassen<\/a><\/p>\n\n\n\n<figure class=\"wp-block-image size-large\"><a href=\"https:\/\/www.kooperation-brasilien.org\/de\/themen\/politik-wirtschaft\/menschen-mit-uns-traeumen-lassen\" target=\"_blank\" rel=\"noreferrer noopener\"><img loading=\"lazy\" decoding=\"async\" width=\"1024\" height=\"768\" src=\"https:\/\/guzeldere.eu\/wp-content\/uploads\/2024\/10\/WhatsApp-Image-2024-10-16-at-19.51.38-1-1024x768.jpeg\" alt=\"\" class=\"wp-image-1598\" srcset=\"https:\/\/guzeldere.eu\/wp-content\/uploads\/2024\/10\/WhatsApp-Image-2024-10-16-at-19.51.38-1-1024x768.jpeg 1024w, https:\/\/guzeldere.eu\/wp-content\/uploads\/2024\/10\/WhatsApp-Image-2024-10-16-at-19.51.38-1-300x225.jpeg 300w, https:\/\/guzeldere.eu\/wp-content\/uploads\/2024\/10\/WhatsApp-Image-2024-10-16-at-19.51.38-1-768x576.jpeg 768w, https:\/\/guzeldere.eu\/wp-content\/uploads\/2024\/10\/WhatsApp-Image-2024-10-16-at-19.51.38-1-1536x1152.jpeg 1536w, https:\/\/guzeldere.eu\/wp-content\/uploads\/2024\/10\/WhatsApp-Image-2024-10-16-at-19.51.38-1-2048x1536.jpeg 2048w, https:\/\/guzeldere.eu\/wp-content\/uploads\/2024\/10\/WhatsApp-Image-2024-10-16-at-19.51.38-1-600x450.jpeg 600w\" sizes=\"auto, (max-width: 1024px) 100vw, 1024px\" \/><\/a><\/figure>\n","protected":false},"excerpt":{"rendered":"<p>Interview mit J\u00f4 Oliveira, der ersten schwarzen Stadtr\u00e4tin in Campina Grande, die am 6. Oktober dieses Jahres wiedergew\u00e4hlt wurde. Das Interview wurde am 19.10.2024 auf der Seite von Kobra ver\u00f6ffentlicht. Josilene Maria de Oliveira, kurz J\u00f4 Oliveira, wurde 1981 in Campina Grande geboren. Ihre Mutter, Dona Basta, ist eine schwarze Frau, Hausangestellte und alleinerziehende Mutter. J\u00f4 studierte an einer \u00f6ffentlichen Schule und war die erste in ihrer Familie, die an <a class=\"more-link\" href=\"https:\/\/guzeldere.eu\/index.php\/2024\/10\/19\/menschen-mit-uns-traeumen-lassen\/\">Read More &#8230;<\/a><\/p>\n","protected":false},"author":1,"featured_media":1597,"comment_status":"closed","ping_status":"closed","sticky":false,"template":"","format":"standard","meta":{"_bluesky_dont_syndicate":"","_bluesky_syndication_accounts":"","_bluesky_syndication_text":"","two_page_speed":[],"footnotes":""},"categories":[17],"tags":[47,277,276,279,278],"class_list":["post-1596","post","type-post","status-publish","format-standard","has-post-thumbnail","hentry","category-journalism","tag-brasilien","tag-campina-grande","tag-jo-oliveira","tag-kommunalwahlen2024","tag-paraiba"],"wps_subtitle":"","_links":{"self":[{"href":"https:\/\/guzeldere.eu\/index.php\/wp-json\/wp\/v2\/posts\/1596","targetHints":{"allow":["GET"]}}],"collection":[{"href":"https:\/\/guzeldere.eu\/index.php\/wp-json\/wp\/v2\/posts"}],"about":[{"href":"https:\/\/guzeldere.eu\/index.php\/wp-json\/wp\/v2\/types\/post"}],"author":[{"embeddable":true,"href":"https:\/\/guzeldere.eu\/index.php\/wp-json\/wp\/v2\/users\/1"}],"replies":[{"embeddable":true,"href":"https:\/\/guzeldere.eu\/index.php\/wp-json\/wp\/v2\/comments?post=1596"}],"version-history":[{"count":1,"href":"https:\/\/guzeldere.eu\/index.php\/wp-json\/wp\/v2\/posts\/1596\/revisions"}],"predecessor-version":[{"id":1599,"href":"https:\/\/guzeldere.eu\/index.php\/wp-json\/wp\/v2\/posts\/1596\/revisions\/1599"}],"wp:featuredmedia":[{"embeddable":true,"href":"https:\/\/guzeldere.eu\/index.php\/wp-json\/wp\/v2\/media\/1597"}],"wp:attachment":[{"href":"https:\/\/guzeldere.eu\/index.php\/wp-json\/wp\/v2\/media?parent=1596"}],"wp:term":[{"taxonomy":"category","embeddable":true,"href":"https:\/\/guzeldere.eu\/index.php\/wp-json\/wp\/v2\/categories?post=1596"},{"taxonomy":"post_tag","embeddable":true,"href":"https:\/\/guzeldere.eu\/index.php\/wp-json\/wp\/v2\/tags?post=1596"}],"curies":[{"name":"wp","href":"https:\/\/api.w.org\/{rel}","templated":true}]}}